{"id":7866,"date":"2015-12-01T05:28:42","date_gmt":"2015-12-01T01:28:42","guid":{"rendered":"https:\/\/kasa.am\/hy\/?p=7866"},"modified":"2019-01-08T16:10:55","modified_gmt":"2019-01-08T12:10:55","slug":"urbanisation-derevan-rencontre-kasa","status":"publish","type":"post","link":"https:\/\/kasa.am\/hy\/urbanisation-derevan-rencontre-kasa\/","title":{"rendered":"Urbanisation d&#8217;Erevan: rencontre \u00e0 KASA"},"content":{"rendered":"<div class=\"l-submain\"><div class=\"l-submain-h g-html i-cf\"><div class=\"wpb-content-wrapper\">[vc_row section=&#8221;yes&#8221; background=&#8221;alternate&#8221; section_id=&#8221;posts&#8221;][vc_column width=&#8221;2\/3&#8243;][vc_column_text]\r\n<p><strong>cde.am \u2013 <\/strong>Erevan est presque 3 fois plus verte que Paris, avec 13 m<sup>2<\/sup> d\u2019espaces verts par habitant contre un taux de 5 m<sup>2<\/sup> hab. pour la capitale fran\u00e7aise (pour comparer, \u00e0 Berlin, le taux est de 25 m<sup>2<\/sup> hab. \u2013 voici les donn\u00e9es qui ne manqueront s\u00fbrement pas d\u2019\u00e9tonner la majorit\u00e9 des Erevantsis qui pointent (pas vraiment \u00e0 tort !) la diminution colossale de ces m\u00eames espaces \u00e0 travers les ann\u00e9es\u2026<\/p>\r\n<p>Par contre, ces estimations n\u2019ont pas surpris Man\u00e9 Liendeman et C\u00e9line Murer:<em>\u00ab M\u00eame visuellement, Erevan est assez verte \u00bb<\/em>, constatent les \u00e9tudiantes de l\u2019\u00c9cole polytechnique f\u00e9d\u00e9rale de Lausanne (EPFL), tout en se disant qu\u2019apparemment, <em>\u00ab les Arm\u00e9niens n\u2019ont pas la m\u00eame notion de la verdure \u00bb<\/em>. <br \/>\r\n <span class=\"lire\" style=\"text-align: right\"><!--more --><\/span><\/p>\r\n<p>Il y a quelques jours, elles \u00e9taient encore en Arm\u00e9nie dans le cadre d\u2019une visite d\u2019\u00e9tude, ayant choisi d\u2019analyser pour leur Master II l\u2019urbanisation d\u2019Erevan. La fondation humanitaire suisse <strong>KASA<\/strong> avait profit\u00e9 de leur passage pour organiser des rencontres, d\u2019abord \u00e0 Gumri, ensuite \u00e0 Erevan, respectivement les 7 et 11 novembre dernier, dans le cadre du club francophone de son centre <em>EspaceS<\/em>, <em>\u00ab occasions uniques de voir Erevan sous un autre angle \u00bb<\/em>, promettait l\u2019annonce de l\u2019\u00e9v\u00e9nement.<\/p>\r\n<p>Si pour Man\u00e9, \u00e0 moiti\u00e9 Arm\u00e9nienne, le choix d\u2019Erevan pourrait s\u2019expliquer par une sorte de retour aux racines, C\u00e9line se dit \u00eatre vraiment <em>\u00ab ravie \u00bb <\/em>d\u2019avoir fait le choix de faire une \u00e9tude sur l\u2019Arm\u00e9nie, <em>\u00ab un pays tr\u00e8s riche en culture, avec des gens incroyables \u00bb<\/em>. Copines et coll\u00e8gues depuis sept ans, travaillant toujours ensemble <em>\u00ab avec une tr\u00e8s bonne complicit\u00e9 \u00bb<\/em>, elles ont d\u00e9cid\u00e9 d\u2019opter pour un pays o\u00f9 les id\u00e9es qu\u2019elles apporteraient par leur \u00e9tude seraient susceptibles de servir \u00e0 son d\u00e9veloppement, \u00e0 la place de rester en Suisse ou d\u2019aller dans un pays ais\u00e9 comme les \u00c9tats-Unis.<\/p>\r\n<p>La premi\u00e8re phase du projet de Master de C\u00e9line et Man\u00e9 prendra fin en janvier, avec la r\u00e9daction d\u2019un m\u00e9moire qui combinera analyse historique et vision sur la ville dans son ensemble, avec ses points positifs et ses manques. Au cours de la seconde phase qui aboutira \u00e0 la proposition de projet proprement dit, les \u00e9tudiantes en urbanisme se concentreront sur certains aspects sp\u00e9cifiques qui font d\u00e9faut (les solutions seront pens\u00e9es en faisant abstraction des contraintes politiques ou \u00e9conomiques \u00e9ventuelles capables de freiner l\u2019imagination, condition qui les rend d\u2019embl\u00e9e un peu utopiques, pourtant c\u2019est l\u2019approche pr\u00f4n\u00e9e par la prestigieuse EPFL, les projets r\u00e9alis\u00e9s durant les \u00e9tudes en Master n\u2019\u00e9tant pas destin\u00e9s \u00e0 \u00eatre traduit en r\u00e9alit\u00e9). En l\u2019occurrence, le choix de Man\u00e9 et de C\u00e9line s\u2019arr\u00eaterait sur la question des transports publics et des pi\u00e9tons, aspects qu\u2019elles pensent examiner \u00e0 grande \u00e9chelle, avec comme objectif principal de d\u00e9sengorger le centre d\u2019Erevan en imaginant des moyens de relier les diff\u00e9rents quartiers de la banlieue erevanaise entre eux, ce qui dispensera les gens de passer forc\u00e9ment par le centre \u00e0 toutes les occasions et permettra \u00e0 Erevan de b\u00e9n\u00e9ficier pleinement de sa forme radiocentrique, ce qui n\u2019est pas le cas aujourd\u2019hui.<\/p>\r\n<p>Un autre moyen de diminuer la forte concentration des gens et de toutes sortes d\u2019activit\u00e9s disponibles \u00e0 l\u2019heure actuelle presque exclusivement dans le centre ville serait la cr\u00e9ation de <em>\u00ab seconds centres \u00bb<\/em> dans ces m\u00eames quartiers. En attendant, la premi\u00e8re impression que ceux-ci ont laiss\u00e9 sur les filles, c\u2019est un peu celle des<em>\u00ab villes fant\u00f4mes o\u00f9 il ne se passe rien \u00bb<\/em> : <em>\u00ab Il y a toujours une rue avec des magasins mais \u00e0 l\u2019int\u00e9rieur-m\u00eame, c\u2019est assez vide, \u00e7a raisonne : tout le monde est au centre\u2026\u00bb<\/em>.<\/p>\r\n<p>D\u2019ailleurs, l\u2019ouverture r\u00e9cente d\u2019une salle de cin\u00e9ma dans le quartier Sud-Ouest (le fameux Bangladesh) qui pourrait concurrencer, dit-on, les cin\u00e9mas du centre ville, est une avanc\u00e9e dans le sens de l\u2019augmentation de l\u2019attractivit\u00e9 des quartiers au-del\u00e0 du centre, trouvent les filles. Le probl\u00e8me ne pourrait quand-m\u00eame pas se r\u00e9gler sans am\u00e9liorer le r\u00e9seau des transports, soulignent-elles. Dans ce cadre, Man\u00e9 et C\u00e9line pensent, entre autres, au d\u00e9veloppement du r\u00e9seau m\u00e9tropolitain, avec la finalisation de la ligne jusqu\u2019\u00e0 Adjapnyak, comme le projet initial du m\u00e9tro d\u2019Erevan le pr\u00e9voyait \u2013 en fait, les trous en ont \u00e9t\u00e9 creus\u00e9s, il y a longtemps, sans jamais \u00eatre exploit\u00e9s -, ainsi que la cr\u00e9ation d\u2019une nouvelle ligne de mani\u00e8re \u00e0 pouvoir desservir, dans l\u2019id\u00e9al, toute la ville. Sinon, <em>\u00ab les gens sont \u00e0 c\u00f4t\u00e9 du centre ville mais cela leur prend une heure pour s\u2019y rendre \u00bb<\/em>, remarquent-elles.<\/p>\r\n<p>Pour finir sur une note positive, ce que les futurs architectes ont appr\u00e9ci\u00e9 dans la ville \u00e0 part son aspect vert, c\u2019est aussi la taille <em>\u00ab tr\u00e8s agr\u00e9able \u00bb<\/em> du centre : il est tout \u00e0 fait <em>\u00ab \u00e0 l\u2019\u00e9chelle du pi\u00e9ton \u00bb,<\/em> ce qui permet de le parcourir d\u2019un bout \u00e0 l\u2019autre le temps d\u2019une demi-heure. C\u2019est d\u2019ailleurs un peu ce que les filles avaient fait le matin-m\u00eame : explorer le centre ville en passant par les cours des b\u00e2timents. <em>\u00ab C\u2019est une autre Erevan qui s\u2019ouvre. C\u2019est comme si on passait par les coulisses : tout d\u2019un coup, on a l\u2019impression de se retrouver dans un autre quartier, et c\u2019est vraiment tr\u00e8s riche \u00bb<\/em>. La richesse d\u2019Erevan, selon le double regard d\u2019architecte et d\u2019\u00e9tranger de Man\u00e9 et C\u00e9line, c\u2019est aussi la pr\u00e9sence de<em>\u00ab ces diff\u00e9rents tissus urbains qui sont int\u00e9ressants parce qu\u2019on n\u2019a pas l\u2019habitude d\u2019en voir chez nous. Par exemple, ces immenses ensembles sovi\u00e9tiques b\u00e2tis dans un esprit communautaire qu\u2019on sent imagin\u00e9s d\u2019un bloc \u00bb.<\/em><\/p>\r\n<p>Et si les Erevantsis aussi s\u2019effor\u00e7aient de voir leur ville d\u2019un regard nouveau\u2026 !<\/p>\r\n<p>Source: <em><a href=\"http:\/\/cde.am\/fr\/content\/coop%C3%A9ration-scientifique\/urbanisation-derevan-rencontre-%C3%A0-kasa\">Le Courrier d\u2019Erevan<\/a><\/em> [\/vc_column_text][\/vc_column]\r\n [vc_column width=\"1\/3\"][vc_column_text][\/vc_column_text][\/vc_column]\r\n [\/vc_row]<\/div><\/div><\/div>","protected":false},"excerpt":{"rendered":"<p>[vc_row section=&#8221;yes&#8221; background=&#8221;alternate&#8221; section_id=&#8221;posts&#8221;][vc_column width=&#8221;2\/3&#8243;][vc_column_text] cde.am \u2013 Erevan est presque 3 fois plus verte que Paris, avec 13 m2 d\u2019espaces verts par habitant contre un taux de 5 m2 hab. pour la capitale fran\u00e7aise (pour comparer, \u00e0 Berlin, le taux<\/p>\n","protected":false},"author":1,"featured_media":0,"comment_status":"closed","ping_status":"closed","sticky":false,"template":"","format":"standard","meta":{"footnotes":""},"categories":[32],"tags":[],"class_list":["post-7866","post","type-post","status-publish","format-standard","hentry","category-32","%d5%ac%d5%b8%d6%82%d6%80%d5%a5%d6%80-%d5%b0%d5%a1%d5%b5%d5%a1%d5%bd%d5%bf%d5%a1%d5%b6%d5%ab%d6%81"],"_links":{"self":[{"href":"https:\/\/kasa.am\/hy\/wp-json\/wp\/v2\/posts\/7866","targetHints":{"allow":["GET"]}}],"collection":[{"href":"https:\/\/kasa.am\/hy\/wp-json\/wp\/v2\/posts"}],"about":[{"href":"https:\/\/kasa.am\/hy\/wp-json\/wp\/v2\/types\/post"}],"author":[{"embeddable":true,"href":"https:\/\/kasa.am\/hy\/wp-json\/wp\/v2\/users\/1"}],"replies":[{"embeddable":true,"href":"https:\/\/kasa.am\/hy\/wp-json\/wp\/v2\/comments?post=7866"}],"version-history":[{"count":0,"href":"https:\/\/kasa.am\/hy\/wp-json\/wp\/v2\/posts\/7866\/revisions"}],"wp:attachment":[{"href":"https:\/\/kasa.am\/hy\/wp-json\/wp\/v2\/media?parent=7866"}],"wp:term":[{"taxonomy":"category","embeddable":true,"href":"https:\/\/kasa.am\/hy\/wp-json\/wp\/v2\/categories?post=7866"},{"taxonomy":"post_tag","embeddable":true,"href":"https:\/\/kasa.am\/hy\/wp-json\/wp\/v2\/tags?post=7866"}],"curies":[{"name":"wp","href":"https:\/\/api.w.org\/{rel}","templated":true}]}}